{"id":8752,"date":"2023-07-02T13:48:50","date_gmt":"2023-07-02T11:48:50","guid":{"rendered":"https:\/\/quodlibetroma.com\/?p=8752"},"modified":"2023-07-02T13:48:54","modified_gmt":"2023-07-02T11:48:54","slug":"roms-fortryllende-obelisker-historie-skoenhed-og-kulturel-arv","status":"publish","type":"post","link":"https:\/\/quodlibetroma.com\/da\/2023\/07\/02\/roms-fortryllende-obelisker-historie-skoenhed-og-kulturel-arv\/","title":{"rendered":"Rom&#8217;s Fortryllende Obelisker: Historie, Sk\u00f8nhed og Kulturel Arv"},"content":{"rendered":"\n<p class=\"wp-block-paragraph\">Tag med p\u00e5 en fascinerende rejse gennem Roms fortryllende obelisker, storsl\u00e5ede gamle egyptiske strukturer, der har fundet et hjem i Den Evige Stad. Med 13 originale obelisker spredt rundt omkring i Rom, hver med sin egen sp\u00e6ndende historie, st\u00e5r disse monumentale vartegn som vedvarende symboler p\u00e5 historie og kunst. Opdag hemmelighederne bag deres konstruktion og transport fra Egypten til Rom, beundr deres imponerende h\u00f8jder og uds\u00f8gte hieroglyfiske indskrifter. Mens du slentrer fra QuodLibet B&amp;B, bekvemt beliggende n\u00e6r det majest\u00e6tiske Obelisco di Piazza del Popolo, dyk ned i den historiske betydning af hver obelisk, fra de gamle kejsere, der hyldede dem, til pavens genindvielse under ren\u00e6ssancen og barokperioden. Beundr Obelisco di Piazza della Minerva, der st\u00e5r h\u00f8jt ved siden af den betagende Basilica di Santa Maria sopra Minerva, en unik blanding af egyptiske og kristne symboler. Fordyb dig i de gamle vidundere og tidl\u00f8se tiltr\u00e6kning af Roms obelisker, der hver is\u00e6r afsl\u00f8rer et fascinerende kapitel i byens historie og et vidnesbyrd om dens vedvarende kulturelle arv.<\/p>\n","protected":false},"excerpt":{"rendered":"<p>Tag med p\u00e5 en fascinerende rejse gennem Roms fortryllende obelisker, storsl\u00e5ede gamle egyptiske strukturer, der har fundet et hjem i Den Evige Stad. Med 13 originale obelisker spredt rundt omkring i Rom, hver med sin egen sp\u00e6ndende historie, st\u00e5r disse monumentale vartegn som vedvarende symboler p\u00e5 historie og kunst. Opdag hemmelighederne bag deres konstruktion og &hellip; <a href=\"https:\/\/quodlibetroma.com\/da\/2023\/07\/02\/roms-fortryllende-obelisker-historie-skoenhed-og-kulturel-arv\/\" class=\"more-link\">Continue reading <span class=\"screen-reader-text\">Rom&#8217;s Fortryllende Obelisker: Historie, Sk\u00f8nhed og Kulturel Arv<\/span> <span class=\"meta-nav\">&rarr;<\/span><\/a><\/p>\n","protected":false},"author":121710704,"featured_media":8285,"comment_status":"open","ping_status":"open","sticky":false,"template":"","format":"standard","meta":{"_coblocks_attr":"","_coblocks_dimensions":"","_coblocks_responsive_height":"","_coblocks_accordion_ie_support":"","_crdt_document":"","_jetpack_newsletter_access":"","_jetpack_dont_email_post_to_subs":false,"_jetpack_newsletter_tier_id":0,"_jetpack_memberships_contains_paywalled_content":false,"_jetpack_memberships_contains_paid_content":false,"footnotes":"","jetpack_publicize_message":"","jetpack_publicize_feature_enabled":false,"jetpack_social_post_already_shared":false,"jetpack_social_options":{"image_generator_settings":{"template":"highway","default_image_id":0,"font":"","enabled":false},"version":2},"_wpas_customize_per_network":false,"jetpack_post_was_ever_published":false},"categories":[1460],"tags":[],"class_list":["post-8752","post","type-post","status-publish","format-standard","has-post-thumbnail","hentry","category-uncategorized-da"],"yoast_head":"<!-- This site is optimized with the Yoast SEO Premium plugin v25.9 (Yoast SEO v27.5) - https:\/\/yoast.com\/product\/yoast-seo-premium-wordpress\/ -->\n<title>Rom&#039;s Fortryllende Obelisker: Historie, Sk\u00f8nhed og Kulturel Arv - QuodLibet bed and breakfast Rome<\/title>\n<meta name=\"robots\" content=\"index, follow, max-snippet:-1, max-image-preview:large, max-video-preview:-1\" \/>\n<link rel=\"canonical\" href=\"https:\/\/quodlibetroma.com\/da\/2023\/07\/02\/roms-fortryllende-obelisker-historie-skoenhed-og-kulturel-arv\/\" \/>\n<meta property=\"og:locale\" content=\"da_DK\" \/>\n<meta property=\"og:type\" content=\"article\" \/>\n<meta property=\"og:title\" content=\"Rom&#039;s Fortryllende Obelisker: Historie, Sk\u00f8nhed og Kulturel Arv\" \/>\n<meta property=\"og:description\" content=\"Tag med p\u00e5 en fascinerende rejse gennem Roms fortryllende obelisker, storsl\u00e5ede gamle egyptiske strukturer, der har fundet et hjem i Den Evige Stad. Med 13 originale obelisker spredt rundt omkring i Rom, hver med sin egen sp\u00e6ndende historie, st\u00e5r disse monumentale vartegn som vedvarende symboler p\u00e5 historie og kunst. Opdag hemmelighederne bag deres konstruktion og &hellip; Continue reading Rom&#8217;s Fortryllende Obelisker: Historie, Sk\u00f8nhed og Kulturel Arv &rarr;\" \/>\n<meta property=\"og:url\" content=\"https:\/\/quodlibetroma.com\/da\/2023\/07\/02\/roms-fortryllende-obelisker-historie-skoenhed-og-kulturel-arv\/\" \/>\n<meta property=\"og:site_name\" content=\"QuodLibet bed and breakfast Rome\" \/>\n<meta property=\"article:published_time\" content=\"2023-07-02T11:48:50+00:00\" \/>\n<meta property=\"article:modified_time\" content=\"2023-07-02T11:48:54+00:00\" \/>\n<meta property=\"og:image\" content=\"https:\/\/quodlibetroma.com\/wp-content\/uploads\/2019\/10\/piazzanavona54271019-1024x680.jpg\" \/>\n\t<meta property=\"og:image:width\" content=\"1024\" \/>\n\t<meta property=\"og:image:height\" content=\"680\" \/>\n\t<meta property=\"og:image:type\" content=\"image\/jpeg\" \/>\n<meta name=\"author\" content=\"glucamart71\" \/>\n<meta name=\"twitter:card\" content=\"summary_large_image\" \/>\n<meta name=\"twitter:label1\" content=\"Skrevet af\" \/>\n\t<meta name=\"twitter:data1\" content=\"glucamart71\" \/>\n\t<meta name=\"twitter:label2\" content=\"Estimeret l\u00e6setid\" \/>\n\t<meta name=\"twitter:data2\" content=\"1 minut\" \/>\n<script type=\"application\/ld+json\" class=\"yoast-schema-graph\">{\"@context\":\"https:\\\/\\\/schema.org\",\"@graph\":[{\"@type\":\"Article\",\"@id\":\"https:\\\/\\\/quodlibetroma.com\\\/da\\\/2023\\\/07\\\/02\\\/roms-fortryllende-obelisker-historie-skoenhed-og-kulturel-arv\\\/#article\",\"isPartOf\":{\"@id\":\"https:\\\/\\\/quodlibetroma.com\\\/da\\\/2023\\\/07\\\/02\\\/roms-fortryllende-obelisker-historie-skoenhed-og-kulturel-arv\\\/\"},\"author\":{\"name\":\"glucamart71\",\"@id\":\"https:\\\/\\\/quodlibetroma.com\\\/da\\\/#\\\/schema\\\/person\\\/6c97eaf56a93c263282072c128ac8d95\"},\"headline\":\"Rom&#8217;s Fortryllende Obelisker: Historie, Sk\u00f8nhed og Kulturel Arv\",\"datePublished\":\"2023-07-02T11:48:50+00:00\",\"dateModified\":\"2023-07-02T11:48:54+00:00\",\"mainEntityOfPage\":{\"@id\":\"https:\\\/\\\/quodlibetroma.com\\\/da\\\/2023\\\/07\\\/02\\\/roms-fortryllende-obelisker-historie-skoenhed-og-kulturel-arv\\\/\"},\"wordCount\":190,\"commentCount\":0,\"publisher\":{\"@id\":\"https:\\\/\\\/quodlibetroma.com\\\/da\\\/#organization\"},\"image\":{\"@id\":\"https:\\\/\\\/quodlibetroma.com\\\/da\\\/2023\\\/07\\\/02\\\/roms-fortryllende-obelisker-historie-skoenhed-og-kulturel-arv\\\/#primaryimage\"},\"thumbnailUrl\":\"https:\\\/\\\/i0.wp.com\\\/quodlibetroma.com\\\/wp-content\\\/uploads\\\/2019\\\/10\\\/piazzanavona54271019.jpg?fit=4248%2C2821&ssl=1\",\"articleSection\":[\"Uncategorized @da\"],\"inLanguage\":\"da-DK\",\"potentialAction\":[{\"@type\":\"CommentAction\",\"name\":\"Comment\",\"target\":[\"https:\\\/\\\/quodlibetroma.com\\\/da\\\/2023\\\/07\\\/02\\\/roms-fortryllende-obelisker-historie-skoenhed-og-kulturel-arv\\\/#respond\"]}]},{\"@type\":\"WebPage\",\"@id\":\"https:\\\/\\\/quodlibetroma.com\\\/da\\\/2023\\\/07\\\/02\\\/roms-fortryllende-obelisker-historie-skoenhed-og-kulturel-arv\\\/\",\"url\":\"https:\\\/\\\/quodlibetroma.com\\\/da\\\/2023\\\/07\\\/02\\\/roms-fortryllende-obelisker-historie-skoenhed-og-kulturel-arv\\\/\",\"name\":\"Rom's Fortryllende Obelisker: Historie, Sk\u00f8nhed og Kulturel Arv - QuodLibet bed and breakfast Rome\",\"isPartOf\":{\"@id\":\"https:\\\/\\\/quodlibetroma.com\\\/da\\\/#website\"},\"primaryImageOfPage\":{\"@id\":\"https:\\\/\\\/quodlibetroma.com\\\/da\\\/2023\\\/07\\\/02\\\/roms-fortryllende-obelisker-historie-skoenhed-og-kulturel-arv\\\/#primaryimage\"},\"image\":{\"@id\":\"https:\\\/\\\/quodlibetroma.com\\\/da\\\/2023\\\/07\\\/02\\\/roms-fortryllende-obelisker-historie-skoenhed-og-kulturel-arv\\\/#primaryimage\"},\"thumbnailUrl\":\"https:\\\/\\\/i0.wp.com\\\/quodlibetroma.com\\\/wp-content\\\/uploads\\\/2019\\\/10\\\/piazzanavona54271019.jpg?fit=4248%2C2821&ssl=1\",\"datePublished\":\"2023-07-02T11:48:50+00:00\",\"dateModified\":\"2023-07-02T11:48:54+00:00\",\"breadcrumb\":{\"@id\":\"https:\\\/\\\/quodlibetroma.com\\\/da\\\/2023\\\/07\\\/02\\\/roms-fortryllende-obelisker-historie-skoenhed-og-kulturel-arv\\\/#breadcrumb\"},\"inLanguage\":\"da-DK\",\"potentialAction\":[{\"@type\":\"ReadAction\",\"target\":[\"https:\\\/\\\/quodlibetroma.com\\\/da\\\/2023\\\/07\\\/02\\\/roms-fortryllende-obelisker-historie-skoenhed-og-kulturel-arv\\\/\"]}]},{\"@type\":\"ImageObject\",\"inLanguage\":\"da-DK\",\"@id\":\"https:\\\/\\\/quodlibetroma.com\\\/da\\\/2023\\\/07\\\/02\\\/roms-fortryllende-obelisker-historie-skoenhed-og-kulturel-arv\\\/#primaryimage\",\"url\":\"https:\\\/\\\/i0.wp.com\\\/quodlibetroma.com\\\/wp-content\\\/uploads\\\/2019\\\/10\\\/piazzanavona54271019.jpg?fit=4248%2C2821&ssl=1\",\"contentUrl\":\"https:\\\/\\\/i0.wp.com\\\/quodlibetroma.com\\\/wp-content\\\/uploads\\\/2019\\\/10\\\/piazzanavona54271019.jpg?fit=4248%2C2821&ssl=1\",\"width\":4248,\"height\":2821},{\"@type\":\"BreadcrumbList\",\"@id\":\"https:\\\/\\\/quodlibetroma.com\\\/da\\\/2023\\\/07\\\/02\\\/roms-fortryllende-obelisker-historie-skoenhed-og-kulturel-arv\\\/#breadcrumb\",\"itemListElement\":[{\"@type\":\"ListItem\",\"position\":1,\"name\":\"Home\",\"item\":\"https:\\\/\\\/quodlibetroma.com\\\/da\\\/\"},{\"@type\":\"ListItem\",\"position\":2,\"name\":\"Uncategorized @da\",\"item\":\"https:\\\/\\\/quodlibetroma.com\\\/category\\\/uncategorized-da\\\/\"},{\"@type\":\"ListItem\",\"position\":3,\"name\":\"Rom&#8217;s Fortryllende Obelisker: Historie, Sk\u00f8nhed og Kulturel Arv\"}]},{\"@type\":\"WebSite\",\"@id\":\"https:\\\/\\\/quodlibetroma.com\\\/da\\\/#website\",\"url\":\"https:\\\/\\\/quodlibetroma.com\\\/da\\\/\",\"name\":\"QuodLibet bed and breakfast Rome\",\"description\":\"A charming small property in the center of Rome - QuodLibet bed and breakfast\",\"publisher\":{\"@id\":\"https:\\\/\\\/quodlibetroma.com\\\/da\\\/#organization\"},\"potentialAction\":[{\"@type\":\"SearchAction\",\"target\":{\"@type\":\"EntryPoint\",\"urlTemplate\":\"https:\\\/\\\/quodlibetroma.com\\\/da\\\/?s={search_term_string}\"},\"query-input\":{\"@type\":\"PropertyValueSpecification\",\"valueRequired\":true,\"valueName\":\"search_term_string\"}}],\"inLanguage\":\"da-DK\"},{\"@type\":\"Organization\",\"@id\":\"https:\\\/\\\/quodlibetroma.com\\\/da\\\/#organization\",\"name\":\"QuodLibet bed and breakfast Rome\",\"url\":\"https:\\\/\\\/quodlibetroma.com\\\/da\\\/\",\"logo\":{\"@type\":\"ImageObject\",\"inLanguage\":\"da-DK\",\"@id\":\"https:\\\/\\\/quodlibetroma.com\\\/da\\\/#\\\/schema\\\/logo\\\/image\\\/\",\"url\":\"https:\\\/\\\/i0.wp.com\\\/quodlibetroma.com\\\/wp-content\\\/uploads\\\/2019\\\/09\\\/logo_.png?fit=800%2C272&ssl=1\",\"contentUrl\":\"https:\\\/\\\/i0.wp.com\\\/quodlibetroma.com\\\/wp-content\\\/uploads\\\/2019\\\/09\\\/logo_.png?fit=800%2C272&ssl=1\",\"width\":800,\"height\":272,\"caption\":\"QuodLibet bed and breakfast Rome\"},\"image\":{\"@id\":\"https:\\\/\\\/quodlibetroma.com\\\/da\\\/#\\\/schema\\\/logo\\\/image\\\/\"}},{\"@type\":\"Person\",\"@id\":\"https:\\\/\\\/quodlibetroma.com\\\/da\\\/#\\\/schema\\\/person\\\/6c97eaf56a93c263282072c128ac8d95\",\"name\":\"glucamart71\",\"image\":{\"@type\":\"ImageObject\",\"inLanguage\":\"da-DK\",\"@id\":\"https:\\\/\\\/secure.gravatar.com\\\/avatar\\\/0b5427bf3a5eda300286dba1f4c4084063cd7b2f63f44950cc1d02396f01cb79?s=96&d=identicon&r=g\",\"url\":\"https:\\\/\\\/secure.gravatar.com\\\/avatar\\\/0b5427bf3a5eda300286dba1f4c4084063cd7b2f63f44950cc1d02396f01cb79?s=96&d=identicon&r=g\",\"contentUrl\":\"https:\\\/\\\/secure.gravatar.com\\\/avatar\\\/0b5427bf3a5eda300286dba1f4c4084063cd7b2f63f44950cc1d02396f01cb79?s=96&d=identicon&r=g\",\"caption\":\"glucamart71\"},\"description\":\"Hi, I\u2019m Gianluca. I studied cultural anthropology, and I\u2019ve always been fascinated by the different ways people live, move, and experience a place. Rome is not only my city - it\u2019s the environment I love observing, understanding, and sharing through these small stories. Together with my wife Connie, we host travellers in our small hotel near the Vatican, where we enjoy meeting people from all over the world and exchanging perspectives - just as I do here in the blog. If you ever feel like saying hello while exploring Rome, you'll find us on our terrace as well, where every morning we serve breakfast with a view. Gianluca\",\"sameAs\":[\"http:\\\/\\\/gianluca103172235.wordpress.com\"],\"url\":\"https:\\\/\\\/quodlibetroma.com\\\/da\\\/author\\\/glucamart71\\\/\"}]}<\/script>\n<!-- \/ Yoast SEO Premium plugin. -->","yoast_head_json":{"title":"Rom's Fortryllende Obelisker: Historie, Sk\u00f8nhed og Kulturel Arv - QuodLibet bed and breakfast Rome","robots":{"index":"index","follow":"follow","max-snippet":"max-snippet:-1","max-image-preview":"max-image-preview:large","max-video-preview":"max-video-preview:-1"},"canonical":"https:\/\/quodlibetroma.com\/da\/2023\/07\/02\/roms-fortryllende-obelisker-historie-skoenhed-og-kulturel-arv\/","og_locale":"da_DK","og_type":"article","og_title":"Rom's Fortryllende Obelisker: Historie, Sk\u00f8nhed og Kulturel Arv","og_description":"Tag med p\u00e5 en fascinerende rejse gennem Roms fortryllende obelisker, storsl\u00e5ede gamle egyptiske strukturer, der har fundet et hjem i Den Evige Stad. Med 13 originale obelisker spredt rundt omkring i Rom, hver med sin egen sp\u00e6ndende historie, st\u00e5r disse monumentale vartegn som vedvarende symboler p\u00e5 historie og kunst. Opdag hemmelighederne bag deres konstruktion og &hellip; Continue reading Rom&#8217;s Fortryllende Obelisker: Historie, Sk\u00f8nhed og Kulturel Arv &rarr;","og_url":"https:\/\/quodlibetroma.com\/da\/2023\/07\/02\/roms-fortryllende-obelisker-historie-skoenhed-og-kulturel-arv\/","og_site_name":"QuodLibet bed and breakfast Rome","article_published_time":"2023-07-02T11:48:50+00:00","article_modified_time":"2023-07-02T11:48:54+00:00","og_image":[{"width":1024,"height":680,"url":"https:\/\/quodlibetroma.com\/wp-content\/uploads\/2019\/10\/piazzanavona54271019-1024x680.jpg","type":"image\/jpeg"}],"author":"glucamart71","twitter_card":"summary_large_image","twitter_misc":{"Skrevet af":"glucamart71","Estimeret l\u00e6setid":"1 minut"},"schema":{"@context":"https:\/\/schema.org","@graph":[{"@type":"Article","@id":"https:\/\/quodlibetroma.com\/da\/2023\/07\/02\/roms-fortryllende-obelisker-historie-skoenhed-og-kulturel-arv\/#article","isPartOf":{"@id":"https:\/\/quodlibetroma.com\/da\/2023\/07\/02\/roms-fortryllende-obelisker-historie-skoenhed-og-kulturel-arv\/"},"author":{"name":"glucamart71","@id":"https:\/\/quodlibetroma.com\/da\/#\/schema\/person\/6c97eaf56a93c263282072c128ac8d95"},"headline":"Rom&#8217;s Fortryllende Obelisker: Historie, Sk\u00f8nhed og Kulturel Arv","datePublished":"2023-07-02T11:48:50+00:00","dateModified":"2023-07-02T11:48:54+00:00","mainEntityOfPage":{"@id":"https:\/\/quodlibetroma.com\/da\/2023\/07\/02\/roms-fortryllende-obelisker-historie-skoenhed-og-kulturel-arv\/"},"wordCount":190,"commentCount":0,"publisher":{"@id":"https:\/\/quodlibetroma.com\/da\/#organization"},"image":{"@id":"https:\/\/quodlibetroma.com\/da\/2023\/07\/02\/roms-fortryllende-obelisker-historie-skoenhed-og-kulturel-arv\/#primaryimage"},"thumbnailUrl":"https:\/\/i0.wp.com\/quodlibetroma.com\/wp-content\/uploads\/2019\/10\/piazzanavona54271019.jpg?fit=4248%2C2821&ssl=1","articleSection":["Uncategorized @da"],"inLanguage":"da-DK","potentialAction":[{"@type":"CommentAction","name":"Comment","target":["https:\/\/quodlibetroma.com\/da\/2023\/07\/02\/roms-fortryllende-obelisker-historie-skoenhed-og-kulturel-arv\/#respond"]}]},{"@type":"WebPage","@id":"https:\/\/quodlibetroma.com\/da\/2023\/07\/02\/roms-fortryllende-obelisker-historie-skoenhed-og-kulturel-arv\/","url":"https:\/\/quodlibetroma.com\/da\/2023\/07\/02\/roms-fortryllende-obelisker-historie-skoenhed-og-kulturel-arv\/","name":"Rom's Fortryllende Obelisker: Historie, Sk\u00f8nhed og Kulturel Arv - QuodLibet bed and breakfast Rome","isPartOf":{"@id":"https:\/\/quodlibetroma.com\/da\/#website"},"primaryImageOfPage":{"@id":"https:\/\/quodlibetroma.com\/da\/2023\/07\/02\/roms-fortryllende-obelisker-historie-skoenhed-og-kulturel-arv\/#primaryimage"},"image":{"@id":"https:\/\/quodlibetroma.com\/da\/2023\/07\/02\/roms-fortryllende-obelisker-historie-skoenhed-og-kulturel-arv\/#primaryimage"},"thumbnailUrl":"https:\/\/i0.wp.com\/quodlibetroma.com\/wp-content\/uploads\/2019\/10\/piazzanavona54271019.jpg?fit=4248%2C2821&ssl=1","datePublished":"2023-07-02T11:48:50+00:00","dateModified":"2023-07-02T11:48:54+00:00","breadcrumb":{"@id":"https:\/\/quodlibetroma.com\/da\/2023\/07\/02\/roms-fortryllende-obelisker-historie-skoenhed-og-kulturel-arv\/#breadcrumb"},"inLanguage":"da-DK","potentialAction":[{"@type":"ReadAction","target":["https:\/\/quodlibetroma.com\/da\/2023\/07\/02\/roms-fortryllende-obelisker-historie-skoenhed-og-kulturel-arv\/"]}]},{"@type":"ImageObject","inLanguage":"da-DK","@id":"https:\/\/quodlibetroma.com\/da\/2023\/07\/02\/roms-fortryllende-obelisker-historie-skoenhed-og-kulturel-arv\/#primaryimage","url":"https:\/\/i0.wp.com\/quodlibetroma.com\/wp-content\/uploads\/2019\/10\/piazzanavona54271019.jpg?fit=4248%2C2821&ssl=1","contentUrl":"https:\/\/i0.wp.com\/quodlibetroma.com\/wp-content\/uploads\/2019\/10\/piazzanavona54271019.jpg?fit=4248%2C2821&ssl=1","width":4248,"height":2821},{"@type":"BreadcrumbList","@id":"https:\/\/quodlibetroma.com\/da\/2023\/07\/02\/roms-fortryllende-obelisker-historie-skoenhed-og-kulturel-arv\/#breadcrumb","itemListElement":[{"@type":"ListItem","position":1,"name":"Home","item":"https:\/\/quodlibetroma.com\/da\/"},{"@type":"ListItem","position":2,"name":"Uncategorized @da","item":"https:\/\/quodlibetroma.com\/category\/uncategorized-da\/"},{"@type":"ListItem","position":3,"name":"Rom&#8217;s Fortryllende Obelisker: Historie, Sk\u00f8nhed og Kulturel Arv"}]},{"@type":"WebSite","@id":"https:\/\/quodlibetroma.com\/da\/#website","url":"https:\/\/quodlibetroma.com\/da\/","name":"QuodLibet bed and breakfast Rome","description":"A charming small property in the center of Rome - QuodLibet bed and breakfast","publisher":{"@id":"https:\/\/quodlibetroma.com\/da\/#organization"},"potentialAction":[{"@type":"SearchAction","target":{"@type":"EntryPoint","urlTemplate":"https:\/\/quodlibetroma.com\/da\/?s={search_term_string}"},"query-input":{"@type":"PropertyValueSpecification","valueRequired":true,"valueName":"search_term_string"}}],"inLanguage":"da-DK"},{"@type":"Organization","@id":"https:\/\/quodlibetroma.com\/da\/#organization","name":"QuodLibet bed and breakfast Rome","url":"https:\/\/quodlibetroma.com\/da\/","logo":{"@type":"ImageObject","inLanguage":"da-DK","@id":"https:\/\/quodlibetroma.com\/da\/#\/schema\/logo\/image\/","url":"https:\/\/i0.wp.com\/quodlibetroma.com\/wp-content\/uploads\/2019\/09\/logo_.png?fit=800%2C272&ssl=1","contentUrl":"https:\/\/i0.wp.com\/quodlibetroma.com\/wp-content\/uploads\/2019\/09\/logo_.png?fit=800%2C272&ssl=1","width":800,"height":272,"caption":"QuodLibet bed and breakfast Rome"},"image":{"@id":"https:\/\/quodlibetroma.com\/da\/#\/schema\/logo\/image\/"}},{"@type":"Person","@id":"https:\/\/quodlibetroma.com\/da\/#\/schema\/person\/6c97eaf56a93c263282072c128ac8d95","name":"glucamart71","image":{"@type":"ImageObject","inLanguage":"da-DK","@id":"https:\/\/secure.gravatar.com\/avatar\/0b5427bf3a5eda300286dba1f4c4084063cd7b2f63f44950cc1d02396f01cb79?s=96&d=identicon&r=g","url":"https:\/\/secure.gravatar.com\/avatar\/0b5427bf3a5eda300286dba1f4c4084063cd7b2f63f44950cc1d02396f01cb79?s=96&d=identicon&r=g","contentUrl":"https:\/\/secure.gravatar.com\/avatar\/0b5427bf3a5eda300286dba1f4c4084063cd7b2f63f44950cc1d02396f01cb79?s=96&d=identicon&r=g","caption":"glucamart71"},"description":"Hi, I\u2019m Gianluca. I studied cultural anthropology, and I\u2019ve always been fascinated by the different ways people live, move, and experience a place. Rome is not only my city - it\u2019s the environment I love observing, understanding, and sharing through these small stories. Together with my wife Connie, we host travellers in our small hotel near the Vatican, where we enjoy meeting people from all over the world and exchanging perspectives - just as I do here in the blog. If you ever feel like saying hello while exploring Rome, you'll find us on our terrace as well, where every morning we serve breakfast with a view. Gianluca","sameAs":["http:\/\/gianluca103172235.wordpress.com"],"url":"https:\/\/quodlibetroma.com\/da\/author\/glucamart71\/"}]}},"jetpack_publicize_connections":[],"jetpack_featured_media_url":"https:\/\/i0.wp.com\/quodlibetroma.com\/wp-content\/uploads\/2019\/10\/piazzanavona54271019.jpg?fit=4248%2C2821&ssl=1","jetpack_likes_enabled":true,"jetpack_sharing_enabled":true,"jetpack_shortlink":"https:\/\/wp.me\/pbesCL-2ha","jetpack-related-posts":[],"amp_enabled":true,"_links":{"self":[{"href":"https:\/\/quodlibetroma.com\/da\/wp-json\/wp\/v2\/posts\/8752","targetHints":{"allow":["GET"]}}],"collection":[{"href":"https:\/\/quodlibetroma.com\/da\/wp-json\/wp\/v2\/posts"}],"about":[{"href":"https:\/\/quodlibetroma.com\/da\/wp-json\/wp\/v2\/types\/post"}],"author":[{"embeddable":true,"href":"https:\/\/quodlibetroma.com\/da\/wp-json\/wp\/v2\/users\/121710704"}],"replies":[{"embeddable":true,"href":"https:\/\/quodlibetroma.com\/da\/wp-json\/wp\/v2\/comments?post=8752"}],"version-history":[{"count":2,"href":"https:\/\/quodlibetroma.com\/da\/wp-json\/wp\/v2\/posts\/8752\/revisions"}],"predecessor-version":[{"id":8754,"href":"https:\/\/quodlibetroma.com\/da\/wp-json\/wp\/v2\/posts\/8752\/revisions\/8754"}],"wp:featuredmedia":[{"embeddable":true,"href":"https:\/\/quodlibetroma.com\/da\/wp-json\/wp\/v2\/media\/8285"}],"wp:attachment":[{"href":"https:\/\/quodlibetroma.com\/da\/wp-json\/wp\/v2\/media?parent=8752"}],"wp:term":[{"taxonomy":"category","embeddable":true,"href":"https:\/\/quodlibetroma.com\/da\/wp-json\/wp\/v2\/categories?post=8752"},{"taxonomy":"post_tag","embeddable":true,"href":"https:\/\/quodlibetroma.com\/da\/wp-json\/wp\/v2\/tags?post=8752"}],"curies":[{"name":"wp","href":"https:\/\/api.w.org\/{rel}","templated":true}]}}